{"id":876,"date":"2020-09-09T11:31:59","date_gmt":"2020-09-09T09:31:59","guid":{"rendered":"https:\/\/www.stadtwerke-zerbst.de\/gsz\/?p=876"},"modified":"2022-05-05T10:39:16","modified_gmt":"2022-05-05T08:39:16","slug":"kammerphilharmonie-praesentiert-musikalische-scharmuetzel-in-zerbst-anhalt-2","status":"publish","type":"post","link":"https:\/\/www.stadtwerke-zerbst.de\/gsz\/kammerphilharmonie-praesentiert-musikalische-scharmuetzel-in-zerbst-anhalt-2\/","title":{"rendered":"Kammerphilharmonie pr\u00e4sentiert \u201eMusikalische Scharm\u00fctzel\u201c in Zerbst\/Anhalt"},"content":{"rendered":"<p><strong>Serenade im Schloss diesmal in der Stadthalle<\/strong><\/p>\n<p><strong>Zerbst\/Anhalt<\/strong>. \u201eKrieg und Frieden \u2013 musikalische Scharm\u00fctzel aus vier Jahrhunderten\u201c, so hat der Chefdirigent der Mitteldeutschen Kammerphilharmonie, Jan Michael Horstmann, ein Konzertprogramm \u00fcberschrieben, mit dem der Klangk\u00f6rper am Sonnabend, 19. September 2020, in Zerbst\/Anhalt gastieren wird. Pr\u00e4sentiert wird die Veranstaltung von der Gasstadtwerke Zerbst GmbH und der Erdgas Mittelsachsen GmbH. Allerdings wird die traditionelle Serenade im Schloss diesmal in der Stadthalle erklingen. Der Grund sind die bestehenden, pandemie-bedingten Abstandsregelungen. Beginn ist um 19 Uhr.<\/p>\n<p>\u201eAuf Grund der nach wie vor geltenden Bestimmungen w\u00fcrden im Schloss nur knapp 20 G\u00e4ste Platz finden, f\u00fcr ein Klassikkonzert zudem noch f\u00fcr einen guten Zweck denkbar schlechte Voraussetzungen. Umso mehr freuen wir uns, und gewiss auch der Schloss-F\u00f6rderverein, dass nunmehr die Stadthalle zur Verf\u00fcgung steht\u201c, so EMS-Sprecher Frank Sieweck.<\/p>\n<p>Der Erl\u00f6s vom Kartenverkauf geht direkt an den F\u00f6rderverein Schloss Zerbst\/Anhalt zur Unterst\u00fctzung seiner engagierten Arbeit f\u00fcr den Erhalt der vorhandenen Bausubstanz des Schlosses.<\/p>\n<p>Insgesamt stehen in der Stadthalle unter den aktuellen Bedingungen rund 130 Sitzpl\u00e4tze zur Verf\u00fcgung. Es gelten besondere Abstands- und Hygieneregeln. Auf dem Weg vom Foyer bis zu den nummerierten Pl\u00e4tzen besteht Maskenpflicht. Eine Pausenversorgung kann es leider nicht geben.<\/p>\n<p>Daf\u00fcr d\u00fcrfen sich die Konzertbesucher auf ein spannendes und zugleich unterhaltsames Programm freuen. Zun\u00e4chst erklingen Werke, die den Krieg, seine \u201eHelden\u201c und seine Feinde thematisieren, w\u00e4hrend mit Heinrich Ignaz Franz Bibers grotesk-komischer \u201eBattalia\u201c und mit Jacques Offenbachs Parodie des trojanischen Krieges im zweiten Teil die Sehnsucht nach immerw\u00e4hrendem Frieden klangliche Umsetzung findet. Ferner erklingen u.a. Johann Strau\u00df\u2018 (Sohn) Ouvert\u00fcre zur Operette \u201eDer Zigeunerbaron\u201c und Georg Friedrich H\u00e4ndels \u201eLa paix \u2013 la r\u00e9jouissance\u201c aus der ber\u00fchmten Feuerwerksmusik.<\/p>\n<p>Ansprechpartner f\u00fcr die Presse: Frank Sieweck, Telefon 03925\/9882-360; 015155143595; f&#46;&#x73;&#x69;e&#119;&#x65;&#x63;k&#64;&#101;&#x2d;&#x6d;s&#46;&#x64;&#x65;.<\/p>\n","protected":false},"excerpt":{"rendered":"<p>Serenade im Schloss diesmal in der Stadthalle Zerbst\/Anhalt. \u201eKrieg und Frieden \u2013 musikalische Scharm\u00fctzel aus vier Jahrhunderten\u201c, so hat der Chefdirigent der Mitteldeutschen Kammerphilharmonie, Jan Michael Horstmann, ein Konzertprogramm \u00fcberschrieben,&#8230;<\/p>\n","protected":false},"author":6,"featured_media":877,"comment_status":"closed","ping_status":"closed","sticky":false,"template":"","format":"standard","meta":{"_exactmetrics_skip_tracking":false,"_exactmetrics_sitenote_active":false,"_exactmetrics_sitenote_note":"","_exactmetrics_sitenote_category":0,"footnotes":""},"categories":[8],"tags":[],"class_list":{"0":"post-876","1":"post","2":"type-post","3":"status-publish","4":"format-standard","5":"has-post-thumbnail","7":"category-pressemitteilungen"},"_links":{"self":[{"href":"https:\/\/www.stadtwerke-zerbst.de\/gsz\/wp-json\/wp\/v2\/posts\/876","targetHints":{"allow":["GET"]}}],"collection":[{"href":"https:\/\/www.stadtwerke-zerbst.de\/gsz\/wp-json\/wp\/v2\/posts"}],"about":[{"href":"https:\/\/www.stadtwerke-zerbst.de\/gsz\/wp-json\/wp\/v2\/types\/post"}],"author":[{"embeddable":true,"href":"https:\/\/www.stadtwerke-zerbst.de\/gsz\/wp-json\/wp\/v2\/users\/6"}],"replies":[{"embeddable":true,"href":"https:\/\/www.stadtwerke-zerbst.de\/gsz\/wp-json\/wp\/v2\/comments?post=876"}],"version-history":[{"count":1,"href":"https:\/\/www.stadtwerke-zerbst.de\/gsz\/wp-json\/wp\/v2\/posts\/876\/revisions"}],"predecessor-version":[{"id":878,"href":"https:\/\/www.stadtwerke-zerbst.de\/gsz\/wp-json\/wp\/v2\/posts\/876\/revisions\/878"}],"wp:featuredmedia":[{"embeddable":true,"href":"https:\/\/www.stadtwerke-zerbst.de\/gsz\/wp-json\/wp\/v2\/media\/877"}],"wp:attachment":[{"href":"https:\/\/www.stadtwerke-zerbst.de\/gsz\/wp-json\/wp\/v2\/media?parent=876"}],"wp:term":[{"taxonomy":"category","embeddable":true,"href":"https:\/\/www.stadtwerke-zerbst.de\/gsz\/wp-json\/wp\/v2\/categories?post=876"},{"taxonomy":"post_tag","embeddable":true,"href":"https:\/\/www.stadtwerke-zerbst.de\/gsz\/wp-json\/wp\/v2\/tags?post=876"}],"curies":[{"name":"wp","href":"https:\/\/api.w.org\/{rel}","templated":true}]}}