{"id":848,"date":"2020-08-10T08:24:04","date_gmt":"2020-08-10T06:24:04","guid":{"rendered":"https:\/\/www.stadtwerke-zerbst.de\/gsz\/?p=848"},"modified":"2022-05-05T10:39:16","modified_gmt":"2022-05-05T08:39:16","slug":"ich-war-noch-niemals-in-new-york","status":"publish","type":"post","link":"https:\/\/www.stadtwerke-zerbst.de\/gsz\/ich-war-noch-niemals-in-new-york\/","title":{"rendered":"\u201eIch war noch niemals in New York\u201c"},"content":{"rendered":"<p><strong>EMS-Kult-Kino mit den Kult-Hits von Udo J\u00fcrgens<\/strong><\/p>\n<p><strong>Zerbst\/Anhalt.<\/strong> In diesem Jahr ist alles etwas anders \u2013 auch in Sachen Reisen. Die Gasstadtwerke Zerbst GmbH und die Erdgas Mittelsachsen GmbH wollen daher mit dem diesmal ausgew\u00e4hlten Streifen das Fernweh stillen \u2013 \u201eIch war noch niemals in New York\u201c. Und das Konzept scheint aufzugehen! Bei der Auftaktveranstaltung am Freitag in Walternienburg konnten die Besucher die Hits von Udo J\u00fcrgens und einen unterhaltsamen Film genie\u00dfen \u2013 nat\u00fcrlich mit Abstands- und Hygieneregeln.<\/p>\n<p>So kann es weitergehen \u2013 am Sonnabend, 29. August, beim Kult-Kino auf der Burganlage in Lindau. Dort macht das Kult-Kino \u00fcbrigens zum ersten Mal Station.<\/p>\n<p>\u201eIch war noch niemals in New York\u201c ist einer von unz\u00e4hligen Hits des S\u00e4ngers, Chanconniers und Entertainers Udo J\u00fcrgens. Mit seiner Musik hat sich der am 21. Dezember 2014 gestorbene \u00d6sterreicher selbst gleich mehrere Denkm\u00e4ler gesetzt.\u00a0 Mit dem gefeierten Musical \u201eIch war noch niemals in New York\u201c kam 2007 ein weiteres Monument hinzu. Und Regisseur Philipp St\u00f6lzel gelang im vergangenen Jahr mit dem gleichnamigen Kino-Film eine weitere erfolgreiche Hommage an \u201eMister Griechischer Wein\u201c.<\/p>\n<p><strong>Die Story:<\/strong> Lisa ist eine erfolgsverw\u00f6hnte Fernsehmoderatorin. Der Job steht f\u00fcr sie an erster Stelle. Somit hat sie weder Zeit, sich um ihr Liebesleben zu k\u00fcmmern, noch um ihre einsame Mutter Maria. Als jedoch die Einschaltquoten von Lisas Sendung sinken, droht sie ihren Job zu verlieren. Ausgerechnet in dieser Zeit verliert ihre Mutter (herrlich &#8211; Katharina Thalbach) nach einem Sturz das Ged\u00e4chtnis. Maria wird ins Krankenhaus eingeliefert und kann sich nur noch daran erinnern, dass sie noch nie in <a href=\"https:\/\/de.wikipedia.org\/wiki\/New_York_City\">New York<\/a> war. Sie flieht aus dem Krankenhaus und schmuggelt sich auf ein <a href=\"https:\/\/de.wikipedia.org\/wiki\/Kreuzfahrtschiff\">Kreuzfahrtschiff<\/a>.<\/p>\n<p>Lisa macht sich gemeinsam mit Maskenbildner Fred auf die Suche nach ihrer Mutter und findet diese an Bord der \u201eMS Maximiliane\u201c. Bevor die Drei das Schiff verlassen k\u00f6nnen, legt der Dampfer ab, und so treten sie unfreiwillig eine Reise \u00fcber den <a href=\"https:\/\/de.wikipedia.org\/wiki\/Atlantik\">Atlantik<\/a> an. Chaos, Irrungen und Wirrungen mit Lachgarantie sind vorprogrammiert. Kurzum, wir k\u00f6nnen uns auf einen sehr unterhaltsamen Open-Air-Kinoabend freuen, und zwar gleich f\u00fcnfmal.<\/p>\n<p>\u201eIch bin \u00fcberzeugt, dass wir einen tollen Film ausgew\u00e4hlt haben, den wir im sch\u00f6nen Ambiente der Burg Lindau pr\u00e4sentieren k\u00f6nnen. Das wird bestes Sommerkino\u201c, verspricht EMS-Marketingleiter Frank Sieweck. F\u00fcr das leibliche Wohl der Kinog\u00e4nger sorgt das Team vom Heimat- und Verkehrsverein Lindau. Optimalen Seh- und H\u00f6rgenuss versprechen Riesenleinwand, Hochleistungs-Beamer und moderne Sound-Anlage.<\/p>\n<p>Los geht es um ca. 20:30 Uhr, mit Einsetzen der Dunkelheit.<\/p>\n<p>Wie immer beim Sommer-Kult-Kino ist der Eintritt frei. Sitzpl\u00e4tze sind vorhanden. Die G\u00e4ste k\u00f6nnen aber auch gerne ihre Klappst\u00fchle, Kissen und Kuscheldecken mitbringen.<\/p>\n<p><strong>Bildunterschrift: Freuen sich auf die Kult-Kino-Premiere auf der Burg in Lindau \u2013 Jana Eisfeld vom Heimat- und Verkehrsverein Lindau, Ralf Melcher, der f\u00fcr die Bild- und Tontechnik zust\u00e4ndig ist, und EMS-Marketingleiter Frank Sieweck. Foto: EMS<\/strong><\/p>\n<p>Ansprechpartner f\u00fcr die Presse: Frank Sieweck, Telefon 03925\/9882-360; 015155143595; &#x66;&#x2e;&#x73;&#x69;&#101;&#119;&#101;ck&#x40;&#x65;&#x2d;&#x6d;&#x73;&#46;&#100;&#101;.<\/p>\n","protected":false},"excerpt":{"rendered":"<p>EMS-Kult-Kino mit den Kult-Hits von Udo J\u00fcrgens Zerbst\/Anhalt. In diesem Jahr ist alles etwas anders \u2013 auch in Sachen Reisen. Die Gasstadtwerke Zerbst GmbH und die Erdgas Mittelsachsen GmbH wollen&#8230;<\/p>\n","protected":false},"author":6,"featured_media":873,"comment_status":"closed","ping_status":"closed","sticky":false,"template":"","format":"standard","meta":{"_exactmetrics_skip_tracking":false,"_exactmetrics_sitenote_active":false,"_exactmetrics_sitenote_note":"","_exactmetrics_sitenote_category":0,"footnotes":""},"categories":[8],"tags":[],"class_list":{"0":"post-848","1":"post","2":"type-post","3":"status-publish","4":"format-standard","5":"has-post-thumbnail","7":"category-pressemitteilungen"},"_links":{"self":[{"href":"https:\/\/www.stadtwerke-zerbst.de\/gsz\/wp-json\/wp\/v2\/posts\/848","targetHints":{"allow":["GET"]}}],"collection":[{"href":"https:\/\/www.stadtwerke-zerbst.de\/gsz\/wp-json\/wp\/v2\/posts"}],"about":[{"href":"https:\/\/www.stadtwerke-zerbst.de\/gsz\/wp-json\/wp\/v2\/types\/post"}],"author":[{"embeddable":true,"href":"https:\/\/www.stadtwerke-zerbst.de\/gsz\/wp-json\/wp\/v2\/users\/6"}],"replies":[{"embeddable":true,"href":"https:\/\/www.stadtwerke-zerbst.de\/gsz\/wp-json\/wp\/v2\/comments?post=848"}],"version-history":[{"count":7,"href":"https:\/\/www.stadtwerke-zerbst.de\/gsz\/wp-json\/wp\/v2\/posts\/848\/revisions"}],"predecessor-version":[{"id":874,"href":"https:\/\/www.stadtwerke-zerbst.de\/gsz\/wp-json\/wp\/v2\/posts\/848\/revisions\/874"}],"wp:featuredmedia":[{"embeddable":true,"href":"https:\/\/www.stadtwerke-zerbst.de\/gsz\/wp-json\/wp\/v2\/media\/873"}],"wp:attachment":[{"href":"https:\/\/www.stadtwerke-zerbst.de\/gsz\/wp-json\/wp\/v2\/media?parent=848"}],"wp:term":[{"taxonomy":"category","embeddable":true,"href":"https:\/\/www.stadtwerke-zerbst.de\/gsz\/wp-json\/wp\/v2\/categories?post=848"},{"taxonomy":"post_tag","embeddable":true,"href":"https:\/\/www.stadtwerke-zerbst.de\/gsz\/wp-json\/wp\/v2\/tags?post=848"}],"curies":[{"name":"wp","href":"https:\/\/api.w.org\/{rel}","templated":true}]}}